{"id":118,"date":"2020-10-03T18:06:09","date_gmt":"2020-10-03T16:06:09","guid":{"rendered":"https:\/\/whitelives.tvs24.ru\/site\/?p=118"},"modified":"2020-11-08T21:21:55","modified_gmt":"2020-11-08T20:21:55","slug":"irlande-garcon-poignarde-dans-un-parc-par-des-noirs","status":"publish","type":"post","link":"https:\/\/whitelives.tvs24.ru\/site\/irlande-garcon-poignarde-dans-un-parc-par-des-noirs\/","title":{"rendered":"Irlande : Gar\u00e7on poignard\u00e9 dans un parc par des Noirs"},"content":{"rendered":"<p><img loading=\"lazy\" decoding=\"async\" class=\"alignnone wp-image-119\" src=\"https:\/\/whitelives.tvs24.ru\/site\/wp-content\/uploads\/2020\/10\/006.jpg\" alt=\"\" width=\"289\" height=\"323\" srcset=\"https:\/\/whitelives.tvs24.ru\/site\/wp-content\/uploads\/2020\/10\/006.jpg 470w, https:\/\/whitelives.tvs24.ru\/site\/wp-content\/uploads\/2020\/10\/006-268x300.jpg 268w\" sizes=\"auto, (max-width: 289px) 100vw, 289px\" \/><\/p>\n<p>Irlande : Des Noirs poignardent all\u00e8grement un jeune gar\u00e7on de 17 ans \u00e0 demi conscient. \u00c9coutez-les, ils adorent \u00e7a, coup de poignard apr\u00e8s coup de poignard. Je suis surpris qu\u2019il ait surv\u00e9cu, mais il s\u2019en est sorti.<\/p>\n<p>Adam Noonan, jeune adolescent irlandais marchait dans les rues de Carrigaline avec sa copine quand une bande d\u2019autres adolescents l\u2019ont interpell\u00e9 en lui demandant de payer un ticket bus. Suite \u00e0 \u00e7a, il s\u2019est rapidement retrouv\u00e9 au sol la t\u00eate ensanglant\u00e9e, sa copine est intervenue alors qu\u2019il se faisait poignard\u00e9.<\/p>\n<div style=\"width: 640px;\" class=\"wp-video\"><video class=\"wp-video-shortcode\" id=\"video-118-1\" width=\"640\" height=\"360\" preload=\"metadata\" controls=\"controls\"><source type=\"video\/mp4\" src=\"https:\/\/whitelives.tvs24.ru\/vid\/cc-content\/uploads\/h264\/IUv9OQcu2dDVCJwRKZkI.mp4?_=1\" \/><a href=\"https:\/\/whitelives.tvs24.ru\/vid\/cc-content\/uploads\/h264\/IUv9OQcu2dDVCJwRKZkI.mp4\">https:\/\/whitelives.tvs24.ru\/vid\/cc-content\/uploads\/h264\/IUv9OQcu2dDVCJwRKZkI.mp4<\/a><\/video><\/div>\n<p>Il y avait une collecte de fonds, mais Go Fund Me l\u2019a annul\u00e9e parce qu\u2019il \u00e9tait blanc et pas noir ni violeur ni d\u00e9linquant multir\u00e9cidiviste.<\/p>\n<p>Article : <a href=\"https:\/\/www.belgicanews.com\/carrigaline-irlande-un-adolescent-irlandais-de-17-ans-poignarde\/\">https:\/\/www.belgicanews.com\/carrigaline-irlande-un-adolescent-irlandais-de-17-ans-poignarde\/<\/a><\/p>\n","protected":false},"excerpt":{"rendered":"<div class=\"mh-excerpt\">Irlande : Des Noirs poignardent all\u00e8grement un jeune gar\u00e7on de 17 ans \u00e0 demi conscient. \u00c9coutez-les, ils adorent \u00e7a, coup de poignard apr\u00e8s coup de poignard. Je suis surpris qu\u2019il ait surv\u00e9cu, mais il s\u2019en <a class=\"mh-excerpt-more\" href=\"https:\/\/whitelives.tvs24.ru\/site\/irlande-garcon-poignarde-dans-un-parc-par-des-noirs\/\" title=\"Irlande : Gar\u00e7on poignard\u00e9 dans un parc par des Noirs\">[Suite&#8230;]<\/a><\/div>\n","protected":false},"author":2,"featured_media":882,"comment_status":"open","ping_status":"open","sticky":false,"template":"","format":"standard","meta":{"iawp_total_views":0,"footnotes":""},"categories":[1],"tags":[],"class_list":{"0":"post-118","1":"post","2":"type-post","3":"status-publish","4":"format-standard","5":"has-post-thumbnail","7":"category-all-posts"},"_links":{"self":[{"href":"https:\/\/whitelives.tvs24.ru\/site\/wp-json\/wp\/v2\/posts\/118","targetHints":{"allow":["GET"]}}],"collection":[{"href":"https:\/\/whitelives.tvs24.ru\/site\/wp-json\/wp\/v2\/posts"}],"about":[{"href":"https:\/\/whitelives.tvs24.ru\/site\/wp-json\/wp\/v2\/types\/post"}],"author":[{"embeddable":true,"href":"https:\/\/whitelives.tvs24.ru\/site\/wp-json\/wp\/v2\/users\/2"}],"replies":[{"embeddable":true,"href":"https:\/\/whitelives.tvs24.ru\/site\/wp-json\/wp\/v2\/comments?post=118"}],"version-history":[{"count":1,"href":"https:\/\/whitelives.tvs24.ru\/site\/wp-json\/wp\/v2\/posts\/118\/revisions"}],"predecessor-version":[{"id":120,"href":"https:\/\/whitelives.tvs24.ru\/site\/wp-json\/wp\/v2\/posts\/118\/revisions\/120"}],"wp:featuredmedia":[{"embeddable":true,"href":"https:\/\/whitelives.tvs24.ru\/site\/wp-json\/wp\/v2\/media\/882"}],"wp:attachment":[{"href":"https:\/\/whitelives.tvs24.ru\/site\/wp-json\/wp\/v2\/media?parent=118"}],"wp:term":[{"taxonomy":"category","embeddable":true,"href":"https:\/\/whitelives.tvs24.ru\/site\/wp-json\/wp\/v2\/categories?post=118"},{"taxonomy":"post_tag","embeddable":true,"href":"https:\/\/whitelives.tvs24.ru\/site\/wp-json\/wp\/v2\/tags?post=118"}],"curies":[{"name":"wp","href":"https:\/\/api.w.org\/{rel}","templated":true}]}}